{"id":19250,"date":"2024-08-21T14:28:37","date_gmt":"2024-08-21T12:28:37","guid":{"rendered":"https:\/\/www.servethecity.brussels\/2024\/08\/21\/un-visiteur-tres-special-est-de-retour\/"},"modified":"2024-09-10T11:43:21","modified_gmt":"2024-09-10T09:43:21","slug":"un-visiteur-tres-special-est-de-retour","status":"publish","type":"post","link":"https:\/\/www.servethecity.brussels\/fr\/2024\/08\/21\/un-visiteur-tres-special-est-de-retour\/","title":{"rendered":"Un visiteur tr\u00e8s sp\u00e9cial est de retour !"},"content":{"rendered":"<div class=\"wpb-content-wrapper\">[vc_row][vc_column][vc_column_text css=\u00a0\u00bb.vc_custom_1724234211666{margin-bottom: 0px !important;}\u00a0\u00bb]Dilip fait partie de ces personnes vraiment sp\u00e9ciales qui font toute la diff\u00e9rence. Originaire des \u00c9tats-Unis, il revient chaque ann\u00e9e \u00e0 Bruxelles pour faire du b\u00e9n\u00e9volat aupr\u00e8s de Serve the City Belgium. C&rsquo;est sa troisi\u00e8me ann\u00e9e cons\u00e9cutive ! L&rsquo;une de ses fa\u00e7ons pr\u00e9f\u00e9r\u00e9es de rendre la pareille est de nous rejoindre dans nos projets de sensibilisation \u00e0 l&rsquo;alimentation, tels que notre distribution de nourriture Lunch 4 All, qui apporte chaque jour de la nourriture \u00e0 plus de 350 sans-abri de la ville.<\/p>\n<p>\u00ab J&rsquo;\u00e9tais b\u00e9n\u00e9vole pour une organisation appel\u00e9e GlobalWare, qui est bas\u00e9e aux \u00c9tats-Unis. Par leur interm\u00e9diaire, je me rendais en Inde pour enseigner dans un quartier d\u00e9favoris\u00e9. J&rsquo;y suis all\u00e9e trois ann\u00e9es de suite, puis je me suis dit \u00ab laisse-moi faire autre chose \u00bb. Je suis donc all\u00e9e au Cambodge avec la m\u00eame organisation, et j&rsquo;ai de nouveau enseign\u00e9 l&rsquo;anglais. Apr\u00e8s le Cambodge, COVID est arriv\u00e9, je ne suis donc all\u00e9e nulle part, puis j&rsquo;ai lu un article sur l&rsquo;IVHQ, et c&rsquo;est par leur interm\u00e9diaire que je suis arriv\u00e9e \u00e0 Serve the City. Lorsque je suis arriv\u00e9e ici, j&rsquo;ai pens\u00e9 que c&rsquo;\u00e9tait une belle ville et que je devais continuer \u00e0 venir.[\/vc_column_text][mk_image src=\u00a0\u00bbhttps:\/\/cdn.servethecity.net\/wp-content\/uploads\/sites\/2\/2024\/08\/whatsapp-image-2024-08-13-at-15.42.07.jpeg\u00a0\u00bb image_size=\u00a0\u00bbfull\u00a0\u00bb][vc_column_text css=\u00a0\u00bb.vc_custom_1724234324960{margin-bottom: 0px !important;}\u00a0\u00bb]Dilip explique que lorsqu&rsquo;il est venu pour la premi\u00e8re fois \u00e0 STC et qu&rsquo;il est rentr\u00e9 chez lui, il a \u00e9prouv\u00e9 un sentiment de satisfaction parce qu&rsquo;il a pu se porter volontaire dans diff\u00e9rents lieux et projets. L&rsquo;un de ces lieux \u00e9tait La Porte d&rsquo;Ulysse, une distribution de nourriture qui avait lieu tous les jours dans un centre pour migrants sans-abri \u00e0 Schaerbeek, et qui a malheureusement \u00e9t\u00e9 interrompue \u00e0 la suite d&rsquo;un incendie d\u00e9vastateur. Dilip se souvient d&rsquo;avoir \u00e9t\u00e9 choqu\u00e9 et attrist\u00e9 par la nouvelle, en pensant aux personnes qui y travaillaient b\u00e9n\u00e9volement, et certainement aux b\u00e9n\u00e9ficiaires. C&rsquo;est alors qu&rsquo;il a d\u00e9cid\u00e9 de prendre contact avec STC par courrier \u00e9lectronique et qu&rsquo;il a \u00e9t\u00e9 invit\u00e9 \u00e0 revenir, cette fois en tant que b\u00e9n\u00e9vole r\u00e9gulier et utilisateur de ServeNow. Il a alors d\u00e9couvert le HUB humanitaire et notre distribution Lunch 4All.<\/p>\n<p>Interrog\u00e9 sur le HUB, Dilip nous a dit : \u00ab Le HUB est bien, j&rsquo;aime les gens qui y travaillent. J&rsquo;ai rencontr\u00e9 Alisson, la premi\u00e8re fois que je suis venu, j&rsquo;ai rencontr\u00e9 Mahmoud, qui travaille le week-end, et puis il y a d&rsquo;autres personnes, je les vois, et elles sont toujours l\u00e0 \u00bb. Il appr\u00e9cie le caract\u00e8re pratique de Lunch 4 All, qu&rsquo;il s&rsquo;agisse d&#8217;emballer les repas ou de les livrer \u00e0 ceux qui en ont besoin. Il trouve de la satisfaction dans chaque r\u00f4le qu&rsquo;il joue.<\/p>\n<p>Dilip est devenu un autre membre de notre famille de b\u00e9n\u00e9voles \u00e0 Bruxelles. Nous nous r\u00e9jouissons de l&rsquo;accueillir ici pour de nombreuses ann\u00e9es encore et d&rsquo;\u00eatre encourag\u00e9s par sa forte volont\u00e9 d&rsquo;avoir un impact positif sur le monde. Dilip conclut de mani\u00e8re inspirante : \u00ab Quand on est b\u00e9ni, il faut savoir rendre la pareille \u00bb.[\/vc_column_text][\/vc_column][\/vc_row][vc_row][vc_column][\/vc_column][\/vc_row]\n<\/div>","protected":false},"excerpt":{"rendered":"<p>Les b\u00e9n\u00e9voles et les jeunes r\u00e9sidents du centre d&rsquo;accueil de Koekelberg ont travaill\u00e9 dur pour cr\u00e9er des chefs-d&rsquo;\u0153uvre dans un atelier de c\u00e9ramique. Vous voulez lire l&rsquo;histoire ? Cliquez sur le bouton ci-dessous !<\/p>\n","protected":false},"author":619,"featured_media":19055,"comment_status":"closed","ping_status":"closed","sticky":false,"template":"","format":"standard","meta":{"_crdt_document":"","footnotes":"","_links_to":"","_links_to_target":""},"categories":[81],"tags":[],"class_list":["post-19250","post","type-post","status-publish","format-standard","has-post-thumbnail","hentry","category-stories-fr"],"_links":{"self":[{"href":"https:\/\/www.servethecity.brussels\/fr\/wp-json\/wp\/v2\/posts\/19250","targetHints":{"allow":["GET"]}}],"collection":[{"href":"https:\/\/www.servethecity.brussels\/fr\/wp-json\/wp\/v2\/posts"}],"about":[{"href":"https:\/\/www.servethecity.brussels\/fr\/wp-json\/wp\/v2\/types\/post"}],"author":[{"embeddable":true,"href":"https:\/\/www.servethecity.brussels\/fr\/wp-json\/wp\/v2\/users\/619"}],"replies":[{"embeddable":true,"href":"https:\/\/www.servethecity.brussels\/fr\/wp-json\/wp\/v2\/comments?post=19250"}],"version-history":[{"count":2,"href":"https:\/\/www.servethecity.brussels\/fr\/wp-json\/wp\/v2\/posts\/19250\/revisions"}],"predecessor-version":[{"id":19252,"href":"https:\/\/www.servethecity.brussels\/fr\/wp-json\/wp\/v2\/posts\/19250\/revisions\/19252"}],"wp:featuredmedia":[{"embeddable":true,"href":"https:\/\/www.servethecity.brussels\/fr\/wp-json\/wp\/v2\/media\/19055"}],"wp:attachment":[{"href":"https:\/\/www.servethecity.brussels\/fr\/wp-json\/wp\/v2\/media?parent=19250"}],"wp:term":[{"taxonomy":"category","embeddable":true,"href":"https:\/\/www.servethecity.brussels\/fr\/wp-json\/wp\/v2\/categories?post=19250"},{"taxonomy":"post_tag","embeddable":true,"href":"https:\/\/www.servethecity.brussels\/fr\/wp-json\/wp\/v2\/tags?post=19250"}],"curies":[{"name":"wp","href":"https:\/\/api.w.org\/{rel}","templated":true}]}}