{"id":19518,"date":"2025-01-14T12:15:46","date_gmt":"2025-01-14T11:15:46","guid":{"rendered":"https:\/\/www.servethecity.brussels\/?p=19518"},"modified":"2025-08-18T11:01:38","modified_gmt":"2025-08-18T09:01:38","slug":"mid-term-interview-spotlight-aguineth-andrade","status":"publish","type":"post","link":"https:\/\/www.servethecity.brussels\/fr\/2025\/01\/14\/mid-term-interview-spotlight-aguineth-andrade\/","title":{"rendered":"Entretien mi-parcours : Aguineth Andrade"},"content":{"rendered":"<div class=\"wpb-content-wrapper\">[vc_row][vc_column][vc_column_text css=\u00a0\u00bb.vc_custom_1738053185102{margin-bottom: 0px !important;}\u00a0\u00bb]Le b\u00e9n\u00e9volat a le pouvoir de changer notre vision des choses, et le parcours d&rsquo;Aguineth Andrade avec Serve the City dans le cadre du Corps europ\u00e9en de solidarit\u00e9 (CES) en est la preuve. Dans cette interview, Aguineth revient sur l&rsquo;\u00e9volution de son point de vue sur le b\u00e9n\u00e9volat et le CES, les d\u00e9fis qu&rsquo;elle a rencontr\u00e9s et son d\u00e9veloppement personnel et professionnel pendant son s\u00e9jour \u00e0 Bruxelles. <\/p>\n<p><b><span data-contrast=\"none\">Comment votre perception du volontariat et du Corps europ\u00e9en de solidarit\u00e9 a-t-elle \u00e9volu\u00e9 depuis que vous avez commenc\u00e9 ?<\/span><\/b><span data-ccp-props=\"{\"134233117\":false,\"134233118\":false,\"335551550\":6,\"335551620\":6,\"335559738\":0,\"335559739\":0}\"> <\/span><\/p>\n<p><span data-contrast=\"none\"><strong>AA<\/strong>: <\/span><span data-contrast=\"auto\">Honn\u00eatement, mon point de vue a chang\u00e9. Avant, je pensais que le b\u00e9n\u00e9volat avait un impact plus important sur la vie des gens, en partie parce qu&rsquo;il semblait y avoir moins de personnes qui s&rsquo;y consacraient. Mais apr\u00e8s avoir rejoint Serve the City dans le cadre du programme ESC, j&rsquo;ai r\u00e9alis\u00e9 qu&rsquo;il existait en fait toute une communaut\u00e9 de personnes qui consacraient leur temps \u00e0 aider les autres.  <\/span><span data-ccp-props=\"{\"134233117\":false,\"134233118\":false,\"335551550\":6,\"335551620\":6,\"335559738\":240,\"335559739\":240}\"> <\/span><\/p>\n<p><span data-contrast=\"auto\">Cela dit, j&rsquo;ai \u00e9galement compris que notre impact collectif est limit\u00e9 : il y a tellement de personnes dans le besoin et pas assez de b\u00e9n\u00e9voles pour r\u00e9pondre \u00e0 tous les besoins. M\u00eame si nous pouvons avoir l&rsquo;impression de ne pas en faire assez, j&rsquo;ai pris conscience que nous faisons r\u00e9ellement une diff\u00e9rence. Ce n&rsquo;est pas toujours \u00e9vident, mais quand on y regarde de plus pr\u00e8s, on peut le voir dans les vies que nous touchons.  <\/span><span data-ccp-props=\"{\"134233117\":false,\"134233118\":false,\"335551550\":6,\"335551620\":6,\"335559738\":240,\"335559739\":240}\"> <\/span><\/p>\n<p><span data-contrast=\"auto\">Quant au Corps europ\u00e9en de solidarit\u00e9, c&rsquo;est une opportunit\u00e9 incroyable. Il ne s&rsquo;agit pas seulement de faire du b\u00e9n\u00e9volat et de rencontrer de nouvelles personnes, c&rsquo;est aussi une chance de s&rsquo;\u00e9panouir personnellement. On peut voyager, acqu\u00e9rir de nouvelles comp\u00e9tences et acqu\u00e9rir une exp\u00e9rience pratique. Avec le recul, mon opinion sur le CES a \u00e9volu\u00e9 : il ne s&rsquo;agit pas seulement d&rsquo;aider les autres, c&rsquo;est aussi un moyen formidable pour moi de m&rsquo;\u00e9panouir.   <\/span><span data-ccp-props=\"{\"134233117\":false,\"134233118\":false,\"335551550\":6,\"335551620\":6,\"335559738\":240,\"335559739\":240}\"> <\/span><\/p>\n<p><b><span data-contrast=\"none\">Quels ont \u00e9t\u00e9 les moments forts de votre exp\u00e9rience jusqu&rsquo;\u00e0 pr\u00e9sent ?<\/span><\/b><span data-ccp-props=\"{\"134233117\":false,\"134233118\":false,\"335551550\":6,\"335551620\":6,\"335559738\":0,\"335559739\":0}\"> <\/span><\/p>\n<p><span data-contrast=\"auto\"><strong>AA: <\/strong>Travailler dans une ONG est un r\u00eave devenu r\u00e9alit\u00e9, quelque chose que j&rsquo;ai toujours esp\u00e9r\u00e9 mais dont je n&rsquo;\u00e9tais pas s\u00fbr que cela arriverait un jour. C&rsquo;est incroyablement gratifiant de savoir que, m\u00eame si l&rsquo;impact est limit\u00e9, mon travail contribue \u00e0 am\u00e9liorer la vie des gens. <\/span><span data-ccp-props=\"{\"134233117\":false,\"134233118\":false,\"335551550\":6,\"335551620\":6,\"335559738\":240,\"335559739\":240}\"> <\/span><\/p>\n<p><span data-contrast=\"auto\">Cette exp\u00e9rience m&rsquo;a \u00e9galement beaucoup appris sur moi-m\u00eame. J&rsquo;ai r\u00e9alis\u00e9 que j&rsquo;avais plus de comp\u00e9tences que je ne le pensais, ce qui m&rsquo;a donn\u00e9 confiance en moi et m&rsquo;a procur\u00e9 une profonde satisfaction. <\/span><span data-ccp-props=\"{\"134233117\":false,\"134233118\":false,\"335551550\":6,\"335551620\":6,\"335559738\":240,\"335559739\":240}\"> <\/span><\/p>\n<p><span data-contrast=\"auto\">Un autre moment inoubliable a \u00e9t\u00e9 ma participation au forum Serve the City \u00e0 Berlin. Les ateliers \u00e9taient inspirants, abordaient des sujets tr\u00e8s int\u00e9ressants, et d\u00e9couvrir une nouvelle ville \u00e9tait un bonus suppl\u00e9mentaire ! <\/span><span data-ccp-props=\"{\"134233117\":false,\"134233118\":false,\"335551550\":6,\"335551620\":6,\"335559738\":240,\"335559739\":240}\"> <\/span><\/p>\n<p><b><span data-contrast=\"none\">Avez-vous rencontr\u00e9 des difficult\u00e9s auxquelles vous ne vous attendiez pas, et comment les avez-vous surmont\u00e9es ?<\/span><\/b><span data-contrast=\"auto\"> <\/span><span data-ccp-props=\"{\"134233117\":false,\"134233118\":false,\"335551550\":6,\"335551620\":6,\"335559738\":0,\"335559739\":0}\"> <\/span><\/p>\n<p><span data-contrast=\"auto\"><strong>AA : <\/strong>Mon s\u00e9jour \u00e0 Bruxelles a \u00e9t\u00e9 globalement positif, mais il n&rsquo;a pas \u00e9t\u00e9 sans difficult\u00e9s. L&rsquo;un des moments les plus difficiles a \u00e9t\u00e9 de subir le racisme d&rsquo;une personne travaillant dans la maison o\u00f9 je vis et de ne recevoir aucun soutien de la part de mes colocataires. Cela a \u00e9t\u00e9 douloureux d&rsquo;\u00eatre trait\u00e9e de mani\u00e8re injurieuse et d&rsquo;\u00eatre victime d&rsquo;injustice. Je suis encore en train de dig\u00e9rer tout cela, mais j&rsquo;avance pas \u00e0 pas.   <\/span><span data-ccp-props=\"{\"134233117\":false,\"134233118\":false,\"335551550\":6,\"335551620\":6,\"335559685\":0,\"335559738\":0,\"335559739\":0}\"> <\/span><\/p>\n<p><span data-contrast=\"auto\">La barri\u00e8re linguistique a \u00e9galement constitu\u00e9 un d\u00e9fi. M\u00eame si beaucoup de gens ici parlent anglais, j&rsquo;ai parfois du mal \u00e0 m&rsquo;exprimer aussi clairement ou aussi rapidement que je le voudrais. Le c\u00f4t\u00e9 positif, c&rsquo;est que j&rsquo;ai commenc\u00e9 \u00e0 suivre des cours de fran\u00e7ais, ce qui m&rsquo;aide petit \u00e0 petit \u00e0 gagner en confiance dans certaines situations.  <\/span><span data-ccp-props=\"{\"134233117\":false,\"134233118\":false,\"335551550\":6,\"335551620\":6,\"335559738\":240,\"335559739\":240}\"> <\/span><\/p>\n<p><b><span data-contrast=\"none\">Comment estimez-vous avoir \u00e9volu\u00e9 sur le plan personnel ou professionnel depuis le d\u00e9but de votre parcours de b\u00e9n\u00e9volat ?<\/span><\/b><span data-ccp-props=\"{\"134233117\":false,\"134233118\":false,\"335551550\":6,\"335551620\":6,\"335559738\":0,\"335559739\":0}\"> <\/span><\/p>\n<p><span data-contrast=\"auto\"><strong>AA : <\/strong>Me retrouver seule dans un nouveau pays, sans conna\u00eetre personne au d\u00e9but, a \u00e9t\u00e9 une exp\u00e9rience tr\u00e8s enrichissante sur le plan personnel. Cela m&rsquo;a appris \u00e0 avoir davantage confiance en moi, \u00e0 savoir que je suis capable de relever des d\u00e9fis, de trouver des solutions et de compter sur moi-m\u00eame pour accomplir des choses. <\/span><span data-ccp-props=\"{\"134233117\":false,\"134233118\":false,\"335551550\":6,\"335551620\":6,\"335559738\":0,\"335559739\":0}\"> <\/span><\/p>\n<p><span data-contrast=\"auto\">Sur le plan professionnel, me plonger dans la communication et les r\u00e9seaux sociaux, un domaine dans lequel je n&rsquo;avais aucune exp\u00e9rience pr\u00e9alable, m&rsquo;a montr\u00e9 \u00e0 quel point je suis capable d&rsquo;apprendre de nouvelles choses. Cela m&rsquo;a donn\u00e9 confiance en moi de r\u00e9aliser que je peux m&rsquo;adapter et acqu\u00e9rir des comp\u00e9tences que je ne pensais pas pouvoir acqu\u00e9rir. \u00c0 la fin de mon b\u00e9n\u00e9volat, je suis convaincue que j&rsquo;aurai encore plus \u00e9volu\u00e9 et que je serai capable de faire beaucoup plus.  <\/span><span data-ccp-props=\"{\"134233117\":false,\"134233118\":false,\"335551550\":6,\"335551620\":6,\"335559738\":240,\"335559739\":240}\"> <\/span><\/p>\n<p><span data-ccp-props=\"{\"134233117\":false,\"134233118\":false,\"335551550\":6,\"335551620\":6,\"335559738\":0,\"335559739\":0}\"> <\/span><\/p>\n<p><span data-ccp-props=\"{\"134233117\":false,\"134233118\":false,\"335551550\":6,\"335551620\":6,\"335559738\":0,\"335559739\":0}\"> <\/span>[\/vc_column_text][vc_single_image image=\u00a0\u00bb19524&Prime; img_size=\u00a0\u00bblarge\u00a0\u00bb alignment=\u00a0\u00bbcenter\u00a0\u00bb css=\u00a0\u00bb\u00a0\u00bb][vc_column_text css=\u00a0\u00bb.vc_custom_1736851430785{margin-bottom: 0px !important;}\u00a0\u00bb]<span data-ccp-props=\"{\"134233117\":false,\"134233118\":false,\"335551550\":6,\"335551620\":6,\"335559738\":0,\"335559739\":0}\"> <\/span><b><span data-contrast=\"none\">Y a-t-il quelque chose que vous aimeriez accomplir ou sur quoi vous aimeriez vous concentrer pendant les derniers mois de votre p\u00e9riode de volontariat ?<\/span><\/b><span data-ccp-props=\"{\"134233117\":false,\"134233118\":false,\"335551550\":6,\"335551620\":6,\"335559738\":0,\"335559739\":0}\"> <\/span><\/p>\n<p><span data-ccp-props=\"{\"134233117\":false,\"134233118\":false,\"335551550\":6,\"335551620\":6,\"335559685\":0,\"335559738\":0,\"335559739\":0}\"><strong>AA<\/strong> :<\/span> <span data-contrast=\"none\">Au cours des prochains mois, j&rsquo;aimerais me concentrer sur l&rsquo;am\u00e9lioration de mon travail autant que possible et essayer d&rsquo;am\u00e9liorer mon fran\u00e7ais.<\/span><span data-ccp-props=\"{\"134233117\":false,\"134233118\":false,\"335551550\":6,\"335551620\":6,\"335559738\":0,\"335559739\":0}\"> <\/span><\/p>\n<p><b><span data-contrast=\"none\">Comment vos interactions avec les autres b\u00e9n\u00e9voles ou les habitants ont-elles influenc\u00e9 votre exp\u00e9rience ?<\/span><\/b><span data-ccp-props=\"{\"134233117\":false,\"134233118\":false,\"335551550\":6,\"335551620\":6,\"335559738\":0,\"335559739\":0}\"> <\/span><\/p>\n<p><b><span data-contrast=\"none\">AA:<\/span><\/b><span data-contrast=\"auto\"> Passer du temps avec d&rsquo;autres volontaires du SEC m&rsquo;a montr\u00e9 que, m\u00eame si nous sommes dans des endroits diff\u00e9rents, nos exp\u00e9riences sont \u00e9tonnamment similaires, ce qui est tr\u00e8s rassurant. Mais ce qui rend vraiment ce voyage sp\u00e9cial, ce sont les personnes incroyables que j&rsquo;ai rencontr\u00e9es ici ; elles ont apport\u00e9 tellement de positivit\u00e9 et d&rsquo;\u00e9nergie dans ma vie. <\/span><span data-ccp-props=\"{\"134233117\":false,\"134233118\":false,\"335551550\":6,\"335551620\":6,\"335559738\":0,\"335559739\":0}\"> <\/span><\/p>\n<p><span data-ccp-props=\"{\"134233117\":false,\"134233118\":false,\"335551550\":6,\"335551620\":6,\"335559738\":0,\"335559739\":0}\"> <\/span><b><span data-contrast=\"none\">En repensant \u00e0 la premi\u00e8re moiti\u00e9 de votre ann\u00e9e de volontariat, que diriez-vous \u00e0 quelqu&rsquo;un qui envisage de rejoindre le Corps europ\u00e9en de solidarit\u00e9 ?<\/span><\/b><span data-ccp-props=\"{\"134233117\":false,\"134233118\":false,\"335551550\":6,\"335551620\":6,\"335559738\":0,\"335559739\":0}\"> <\/span><\/p>\n<p><span data-contrast=\"auto\"><strong>AA :<\/strong> Je dirais : foncez, sautez sur l&rsquo;occasion de faire du b\u00e9n\u00e9volat ! C&rsquo;est une opportunit\u00e9 incroyable pour votre d\u00e9veloppement personnel et professionnel. Vous aurez \u00e9galement la possibilit\u00e9 de changer v\u00e9ritablement la vie de quelqu&rsquo;un d&rsquo;autre, en fonction de l&rsquo;organisation dans laquelle vous vous engagez et du r\u00f4le que vous occupez. Et si vous avez 18 ans et que vous \u00eates encore en train de r\u00e9fl\u00e9chir \u00e0 votre avenir, le volontariat avec le CES peut \u00eatre un excellent moyen d&rsquo;en apprendre davantage sur vous-m\u00eame, de gagner en ind\u00e9pendance et de m\u00fbrir en tant qu&rsquo;adulte.   <\/span><span data-ccp-props=\"{\"134233117\":false,\"134233118\":false,\"335551550\":6,\"335551620\":6,\"335559738\":240,\"335559739\":240}\"> <\/span>[\/vc_column_text][\/vc_column][\/vc_row][vc_row css=\u00a0\u00bb.vc_custom_1738682947574{padding-top: 50px !important;}\u00a0\u00bb][vc_column width=\u00a0\u00bb1\/4&Prime;][vc_single_image image=\u00a0\u00bb19849&Prime; img_size=\u00a0\u00bbmedium\u00a0\u00bb alignment=\u00a0\u00bbcenter\u00a0\u00bb css=\u00a0\u00bb\u00a0\u00bb][\/vc_column][vc_column width=\u00a0\u00bb3\/4&Prime;][vc_column_text css=\u00a0\u00bb.vc_custom_1738682882140{margin-bottom: 0px !important;}\u00a0\u00bb]Financ\u00e9 par l&rsquo;Union europ\u00e9enne. Les points de vue et opinions exprim\u00e9s sont ceux des auteurs et ne refl\u00e8tent pas n\u00e9cessairement ceux de l&rsquo;Union europ\u00e9enne ou du Bureau international de la jeunesse. Ni l&rsquo;Union europ\u00e9enne ni l&rsquo;autorit\u00e9 qui octroie la subvention ne peuvent en \u00eatre tenus responsables.[\/vc_column_text][\/vc_column][\/vc_row]\n<\/div>","protected":false},"excerpt":{"rendered":"<p>D\u00e9couvrez comment s&rsquo;est d\u00e9roul\u00e9e l&rsquo;exp\u00e9rience ESC pour Aguineth, qui est avec nous depuis avril !<\/p>\n","protected":false},"author":619,"featured_media":18893,"comment_status":"closed","ping_status":"closed","sticky":false,"template":"","format":"standard","meta":{"_crdt_document":"","footnotes":"","_links_to":"","_links_to_target":""},"categories":[218,81],"tags":[],"class_list":["post-19518","post","type-post","status-publish","format-standard","has-post-thumbnail","hentry","category-european-solidarity-corps-fr","category-stories-fr"],"_links":{"self":[{"href":"https:\/\/www.servethecity.brussels\/fr\/wp-json\/wp\/v2\/posts\/19518","targetHints":{"allow":["GET"]}}],"collection":[{"href":"https:\/\/www.servethecity.brussels\/fr\/wp-json\/wp\/v2\/posts"}],"about":[{"href":"https:\/\/www.servethecity.brussels\/fr\/wp-json\/wp\/v2\/types\/post"}],"author":[{"embeddable":true,"href":"https:\/\/www.servethecity.brussels\/fr\/wp-json\/wp\/v2\/users\/619"}],"replies":[{"embeddable":true,"href":"https:\/\/www.servethecity.brussels\/fr\/wp-json\/wp\/v2\/comments?post=19518"}],"version-history":[{"count":3,"href":"https:\/\/www.servethecity.brussels\/fr\/wp-json\/wp\/v2\/posts\/19518\/revisions"}],"predecessor-version":[{"id":20479,"href":"https:\/\/www.servethecity.brussels\/fr\/wp-json\/wp\/v2\/posts\/19518\/revisions\/20479"}],"wp:featuredmedia":[{"embeddable":true,"href":"https:\/\/www.servethecity.brussels\/fr\/wp-json\/wp\/v2\/media\/18893"}],"wp:attachment":[{"href":"https:\/\/www.servethecity.brussels\/fr\/wp-json\/wp\/v2\/media?parent=19518"}],"wp:term":[{"taxonomy":"category","embeddable":true,"href":"https:\/\/www.servethecity.brussels\/fr\/wp-json\/wp\/v2\/categories?post=19518"},{"taxonomy":"post_tag","embeddable":true,"href":"https:\/\/www.servethecity.brussels\/fr\/wp-json\/wp\/v2\/tags?post=19518"}],"curies":[{"name":"wp","href":"https:\/\/api.w.org\/{rel}","templated":true}]}}