{"id":20499,"date":"2025-08-21T13:23:12","date_gmt":"2025-08-21T11:23:12","guid":{"rendered":"https:\/\/www.servethecity.brussels\/2025\/08\/21\/opportunite-de-stage-stagiaire-en-communication-et-evenementiel\/"},"modified":"2025-08-21T14:04:18","modified_gmt":"2025-08-21T12:04:18","slug":"opportunite-de-stage-stagiaire-en-communication-et-evenementiel","status":"publish","type":"post","link":"https:\/\/www.servethecity.brussels\/fr\/2025\/08\/21\/opportunite-de-stage-stagiaire-en-communication-et-evenementiel\/","title":{"rendered":"Opportunit\u00e9 de stage : Stagiaire en communication et \u00e9v\u00e9nementiel"},"content":{"rendered":"<div class=\"wpb-content-wrapper\">[vc_row][vc_column][vc_column_text css=\u00a0\u00bb.vc_custom_1755775360274{margin-bottom: 0px !important;}\u00a0\u00bb]<i>Faites la diff\u00e9rence \u2014 Rejoignez Serve the City !<\/i><\/p>\n<p>Serve the City est une organisation \u00e0 but non lucratif enregistr\u00e9e qui mobilise des b\u00e9n\u00e9voles pour venir en aide aux personnes dans le besoin. Des sans-abri aux r\u00e9fugi\u00e9s, des personnes \u00e2g\u00e9es aux victimes d&rsquo;abus, nous croyons que de petits gestes peuvent faire une grande diff\u00e9rence. <\/p>\n<p>Gr\u00e2ce \u00e0 nos milliers de b\u00e9n\u00e9voles enregistr\u00e9s et \u00e0 nos projets vari\u00e9s, nous sommes en mesure d&rsquo;avoir un impact positif sur la communaut\u00e9 qui nous entoure.<\/p>\n<p><span class=\"TextRun SCXW41280296 BCX0\" lang=\"EN-US\" data-contrast=\"auto\"><span class=\"NormalTextRun SCXW41280296 BCX0\">Serve the City Belgique r<\/span><span class=\"NormalTextRun SCXW41280296 BCX0\">echerche<\/span> <span class=\"NormalTextRun SCXW41280296 BCX0\">un stagiaire motiv\u00e9 et cr\u00e9atif<\/span> <\/span><strong><span class=\"TextRun SCXW41280296 BCX0\" lang=\"EN-US\" data-contrast=\"auto\"><span class=\"NormalTextRun SCXW41280296 BCX0\">en communication et \u00e9v\u00e9nementiel<\/span><\/span><\/strong><span class=\"TextRun SCXW41280296 BCX0\" lang=\"EN-US\" data-contrast=\"auto\" xml:lang=\"EN-US\"><span class=\"NormalTextRun SCXW41280296 BCX0\"> pour rejoindre notre \u00e9quipe. Il s&rsquo;agit d&rsquo;un poste \u00e0 temps plein (32 heures par semaine) avec des jours et des horaires de travail flexibles, bien que g\u00e9n\u00e9ralement du lundi au vendredi entre 9h00 et 17h00. <\/span><\/span><\/p>\n<h3>Votre r\u00f4le<\/h3>\n<p><span class=\"TextRun SCXW41280296 BCX0\" lang=\"EN-US\" data-contrast=\"auto\" xml:lang=\"EN-US\"><span class=\"NormalTextRun SCXW41280296 BCX0\">En tant que stagiaire en communication, vous contribuerez \u00e0 partager les histoires de nos projets communautaires, \u00e0 renforcer notre communication en ligne et hors ligne, et \u00e0 interagir avec divers publics. Il s&rsquo;agit de  <\/span><span class=\"NormalTextRun SCXW41280296 BCX0\">Une excellente opportunit\u00e9 <\/span><span class=\"NormalTextRun SCXW41280296 BCX0\">pour quelqu&rsquo;un qui est passionn\u00e9 par l&rsquo;impact social, d\u00e9sireux d&rsquo;apprendre et pr\u00eat \u00e0 apporter des id\u00e9es nouvelles.<\/span> <\/span><\/p>\n<p>En collaboration avec notre \u00e9quipe, vous serez amen\u00e9 \u00e0 :<\/p>\n<ul>\n<li>Contribuer \u00e0 l&rsquo;\u00e9laboration de contenus attrayants pour les newsletters, les r\u00e9seaux sociaux et autres canaux de communication.<\/li>\n<li>Capturer des moments cl\u00e9s de nos projets et initiatives afin de cr\u00e9er du contenu visuel captivant, sous forme d&rsquo;images et de vid\u00e9os.<\/li>\n<li>Soutien \u00e0 la r\u00e9daction d&rsquo;histoires, d&rsquo;articles et de publications visant \u00e0 mettre en avant l&rsquo;impact de notre travail et \u00e0 encourager la participation.<\/li>\n<li>Contribuer \u00e0 renforcer les relations avec les b\u00e9n\u00e9voles, les partenaires et les parties prenantes gr\u00e2ce \u00e0 une communication efficace.<\/li>\n<li>Fournir un soutien en mati\u00e8re d&rsquo;organisation et de communication avant, pendant et apr\u00e8s les activit\u00e9s b\u00e9n\u00e9voles et les \u00e9v\u00e9nements communautaires.<\/li>\n<\/ul>\n<h3>Qui vous \u00eates<\/h3>\n<ul>\n<li>Un excellent communicateur, dot\u00e9 d&rsquo;excellentes comp\u00e9tences r\u00e9dactionnelles et orales, et capable d&rsquo;adapter ses messages \u00e0 diff\u00e9rents publics.<\/li>\n<li>Une personne cr\u00e9ative, \u00e0 l&rsquo;aise pour partager ses id\u00e9es et trouver de nouvelles fa\u00e7ons d&rsquo;impliquer et d&rsquo;inspirer les autres.<\/li>\n<li>Une personne orient\u00e9e vers les autres, qui aime nouer des liens et \u00e9tablir des interactions enrichissantes.<\/li>\n<li>Organis\u00e9, pragmatique et proactif. Nous sommes une petite \u00e9quipe o\u00f9 chacun retrousse ses manches et se met au travail. <\/li>\n<li>Capable de parler couramment le fran\u00e7ais et\/ou le n\u00e9erlandais et l&rsquo;anglais.<\/li>\n<li><span data-contrast=\"auto\">Exp\u00e9riment\u00e9(e) ou passionn\u00e9(e) par la communication dans le secteur associatif, la gestion des r\u00e9seaux sociaux, la cr\u00e9ation de contenu ou la photographie\/vid\u00e9ographie.<\/span><\/li>\n<li>Disponible pour travailler selon un horaire flexible<span data-contrast=\"auto\">, avec une participation occasionnelle \u00e0 des \u00e9v\u00e9nements.<\/span><span data-ccp-props=\"{}\"> <\/span><\/li>\n<li>Quelqu&rsquo;un qui comprend qu&rsquo;un sourire est un outil essentiel dans son travail.<\/li>\n<\/ul>\n<h3><span class=\"TextRun SCXW214146806 BCX0\" lang=\"EN-US\" xml:lang=\"EN-US\" data-contrast=\"auto\"><span class=\"NormalTextRun SCXW214146806 BCX0\">Pourquoi nous rejoindre ?<\/span><\/span><span class=\"EOP SCXW214146806 BCX0\" data-ccp-props=\"{}\"> <\/span><\/h3>\n<p><span class=\"TextRun SCXW205800009 BCX0\" lang=\"EN-US\" data-contrast=\"auto\" xml:lang=\"EN-US\"><span class=\"NormalTextRun SCXW205800009 BCX0\">En tant que stagiaire en communication chez Serve the City Belgium, vous aurez l&rsquo;occasion de mettre \u00e0 profit votre cr\u00e9ativit\u00e9 et vos comp\u00e9tences en communication pour faire une r\u00e9elle diff\u00e9rence.<\/span> <span class=\"NormalTextRun SCXW205800009 BCX0\">Vous acquerrez<\/span> <span class=\"NormalTextRun SCXW205800009 BCX0\">une exp\u00e9rience pratique pr\u00e9cieuse, contribuerez \u00e0 des projets sociaux significatifs et ferez partie d&rsquo;une \u00e9quipe passionn\u00e9e qui \u0153uvre pour un changement positif.<\/span><\/span><span class=\"EOP SCXW205800009 BCX0\" data-ccp-props=\"{}\"> <\/span><\/p>\n<h3>Pr\u00eat \u00e0 postuler ?<\/h3>\n<p><span data-contrast=\"auto\">Si vous \u00eates pr\u00eat \u00e0 apporter votre voix, votre cr\u00e9ativit\u00e9 et votre \u00e9nergie \u00e0 notre \u00e9quipe, veuillez envoyer \u00e0<\/span> <a href=\"mailto:internship@servethecity.be\"><span data-contrast=\"none\">internship@servethecity.be <\/span><\/a><span data-contrast=\"auto\">votre <strong>CV et une courte lettre de motivation<\/strong> expliquant pourquoi vous \u00eates la personne id\u00e9ale pour ce poste.<\/span><span data-ccp-props=\"{}\"> <\/span><\/p>\n<p><span data-contrast=\"auto\">Ce stage est une opportunit\u00e9 passionnante de vous \u00e9panouir sur le plan personnel et professionnel tout en contribuant \u00e0 amplifier l&rsquo;impact de notre travail au sein de la communaut\u00e9.<\/span><span data-ccp-props=\"{}\"> <\/span><\/p>\n<h3>\u00c0 propos de Serve the City<\/h3>\n<p>Serve the City est une organisation \u00e0 but non lucratif enregistr\u00e9e qui s&rsquo;engage \u00e0 mettre en relation des b\u00e9n\u00e9voles avec des personnes dans le besoin. Gr\u00e2ce \u00e0 des partenariats avec des organisations locales et internationales, nous fournissons une aide essentielle : nourriture, v\u00eatements, logement, \u00e9ducation et communaut\u00e9. Nos valeurs nous incitent \u00e0 agir avec humilit\u00e9, compassion, respect, amour, courage et espoir.  [\/vc_column_text][\/vc_column][\/vc_row]\n<\/div>","protected":false},"excerpt":{"rendered":"<p>[vc_row][vc_column][vc_column_text css=\u00a0\u00bb.vc_custom_1755775360274{margin-bottom: 0px !important;}\u00a0\u00bb]Faites la diff\u00e9rence \u2014 Rejoignez Serve the City ! Serve the City est une organisation \u00e0 but non lucratif enregistr\u00e9e qui mobilise des b\u00e9n\u00e9voles pour venir en aide aux personnes dans le besoin. Des sans-abri aux r\u00e9fugi\u00e9s, des personnes \u00e2g\u00e9es aux victimes d&rsquo;abus, nous croyons que de petits gestes peuvent faire une [&hellip;]<\/p>\n","protected":false},"author":282,"featured_media":16434,"comment_status":"closed","ping_status":"closed","sticky":false,"template":"","format":"standard","meta":{"_crdt_document":"","footnotes":"","_links_to":"","_links_to_target":""},"categories":[164],"tags":[],"class_list":["post-20499","post","type-post","status-publish","format-standard","has-post-thumbnail","hentry","category-vacancies-fr"],"_links":{"self":[{"href":"https:\/\/www.servethecity.brussels\/fr\/wp-json\/wp\/v2\/posts\/20499","targetHints":{"allow":["GET"]}}],"collection":[{"href":"https:\/\/www.servethecity.brussels\/fr\/wp-json\/wp\/v2\/posts"}],"about":[{"href":"https:\/\/www.servethecity.brussels\/fr\/wp-json\/wp\/v2\/types\/post"}],"author":[{"embeddable":true,"href":"https:\/\/www.servethecity.brussels\/fr\/wp-json\/wp\/v2\/users\/282"}],"replies":[{"embeddable":true,"href":"https:\/\/www.servethecity.brussels\/fr\/wp-json\/wp\/v2\/comments?post=20499"}],"version-history":[{"count":2,"href":"https:\/\/www.servethecity.brussels\/fr\/wp-json\/wp\/v2\/posts\/20499\/revisions"}],"predecessor-version":[{"id":20501,"href":"https:\/\/www.servethecity.brussels\/fr\/wp-json\/wp\/v2\/posts\/20499\/revisions\/20501"}],"wp:featuredmedia":[{"embeddable":true,"href":"https:\/\/www.servethecity.brussels\/fr\/wp-json\/wp\/v2\/media\/16434"}],"wp:attachment":[{"href":"https:\/\/www.servethecity.brussels\/fr\/wp-json\/wp\/v2\/media?parent=20499"}],"wp:term":[{"taxonomy":"category","embeddable":true,"href":"https:\/\/www.servethecity.brussels\/fr\/wp-json\/wp\/v2\/categories?post=20499"},{"taxonomy":"post_tag","embeddable":true,"href":"https:\/\/www.servethecity.brussels\/fr\/wp-json\/wp\/v2\/tags?post=20499"}],"curies":[{"name":"wp","href":"https:\/\/api.w.org\/{rel}","templated":true}]}}