{"id":21066,"date":"2026-01-29T14:48:33","date_gmt":"2026-01-29T13:48:33","guid":{"rendered":"https:\/\/www.servethecity.brussels\/?p=21066"},"modified":"2026-01-29T14:56:28","modified_gmt":"2026-01-29T13:56:28","slug":"une-journee-dans-la-vie-le-benevolat-dentreprise","status":"publish","type":"post","link":"https:\/\/www.servethecity.brussels\/fr\/2026\/01\/29\/une-journee-dans-la-vie-le-benevolat-dentreprise\/","title":{"rendered":"Une journ\u00e9e dans la vie : le b\u00e9n\u00e9volat d&rsquo;entreprise"},"content":{"rendered":"<div class=\"wpb-content-wrapper\">[vc_row][vc_column][vc_column_text css=\u00a0\u00bb.vc_custom_1769690167432{margin-bottom: 0px !important;}\u00a0\u00bb]\n<p style=\"text-align: center\">Alors, en quoi consiste concr\u00e8tement une journ\u00e9e de b\u00e9n\u00e9volat d&rsquo;entreprise ? De la premi\u00e8re r\u00e9union d&rsquo;information au travail aux c\u00f4t\u00e9s d&rsquo;organisations partenaires locales, la journ\u00e9e est con\u00e7ue pour \u00eatre pratique, collaborative et bien structur\u00e9e. Vous trouverez ci-dessous un aper\u00e7u \u00e9tape par \u00e9tape du d\u00e9roulement d&rsquo;une journ\u00e9e type avec l&rsquo;\u00e9quipe de b\u00e9n\u00e9voles de Serve the City dans le cadre du projet Street Kindness.  <\/p>\n<p><!--more-->[\/vc_column_text][vc_empty_space][vc_separator css=\u00a0\u00bb\u00a0\u00bb][vc_column_text css=\u00a0\u00bb.vc_custom_1769690036393{margin-bottom: 0px !important;}\u00a0\u00bb]\n<h2 style=\"text-align: center\"><strong>Gentillesse dans la rue<\/strong><\/h2>\n[\/vc_column_text][\/vc_column][\/vc_row][vc_row attached=\u00a0\u00bbtrue\u00a0\u00bb][vc_column][vc_column_text margin_bottom=\u00a0\u00bb0&Prime; css=\u00a0\u00bb.vc_custom_1769694910128{margin-bottom: 0px !important;padding-bottom: 30px !important;}\u00a0\u00bb]Street Kindness est une distribution dans la rue qui a lieu tous les samedis. Les b\u00e9n\u00e9voles se rendent au bureau de Serve the City \u00e0 Bruxelles pour pr\u00e9parer de la nourriture et d&rsquo;autres articles essentiels avant de partir les distribuer aux personnes sans domicile fixe \u00e0 Bruxelles. Les b\u00e9n\u00e9voles prennent \u00e9galement le temps de parler aux personnes qu&rsquo;ils aident, d&rsquo;\u00e9couter leurs histoires et d&rsquo;engager la conversation, afin de leur offrir un moment de connexion.[\/vc_column_text][vc_column_text css=\u00a0\u00bb.vc_custom_1769690580949{margin-bottom: 0px !important;}\u00a0\u00bb]\n<p style=\"text-align: left\"><strong>9h30 \u2013 Caf\u00e9 et accueil<\/strong><\/p>\n<p>La journ\u00e9e commence pour nos b\u00e9n\u00e9voles par un accueil chaleureux. Autour d&rsquo;un caf\u00e9, les b\u00e9n\u00e9voles se pr\u00e9sentent et rencontrent leurs responsables STC pour la journ\u00e9e. Certains ont d\u00e9j\u00e0 fait du b\u00e9n\u00e9volat, d&rsquo;autres sont nouveaux, mais en quelques minutes, le groupe se sent uni par un objectif commun. Les responsables expliquent le programme, l&rsquo;itin\u00e9raire et la mani\u00e8re d&rsquo;aborder les b\u00e9n\u00e9ficiaires avec respect et en toute s\u00e9curit\u00e9 !   <\/p>\n<p style=\"text-align: left\"><strong>9 h 45 \u2013 Se pr\u00e9parer avec d\u00e9termination<\/strong><\/p>\n<p>Ensemble, les b\u00e9n\u00e9voles pr\u00e9parent des sandwichs et des sacs de provisions pour la journ\u00e9e, les emballent soigneusement dans des sacs et les chargent dans des chariots. Ils enfilent leurs gilets Serve the City et l&rsquo;\u00e9quipe est pr\u00eate \u00e0 partir en ville avec quelque chose de concret \u00e0 offrir.[\/vc_column_text][vc_single_image image=\u00a0\u00bb21084&Prime; img_size=\u00a0\u00bbmedium\u00a0\u00bb alignment=\u00a0\u00bbcenter\u00a0\u00bb css=\u00a0\u00bb\u00a0\u00bb][vc_column_text css=\u00a0\u00bb.vc_custom_1769691833746{margin-bottom: 0px !important;}\u00a0\u00bb]\n<p style=\"text-align: left\"><strong>10 h \u2013 Dans les rues<\/strong><\/p>\n<p>Alors que le groupe se dirige vers le Parlement europ\u00e9en, les conversations s&rsquo;engagent facilement entre les b\u00e9n\u00e9voles, qui discutent de leurs int\u00e9r\u00eats communs et de leurs objectifs partag\u00e9s pendant l&rsquo;activit\u00e9. Par deux, ils s&rsquo;arr\u00eatent pour rencontrer des personnes en chemin et leur offrir les sacs de soins et les v\u00eatements pr\u00e9par\u00e9s. Les b\u00e9n\u00e9voles apprennent ainsi qu&rsquo;il ne s&rsquo;agit pas seulement de distribuer des fournitures, mais aussi de prendre le temps de s&rsquo;arr\u00eater, d&rsquo;\u00e9couter et de partager un moment de gentillesse et de dignit\u00e9. Le simple fait de donner cr\u00e9e des liens significatifs entre les deux parties.[\/vc_column_text][vc_single_image image=\u00a0\u00bb21081&Prime; img_size=\u00a0\u00bbmedium\u00a0\u00bb alignment=\u00a0\u00bbcenter\u00a0\u00bb css=\u00a0\u00bb\u00a0\u00bb][vc_column_text css=\u00a0\u00bb.vc_custom_1769691912299{margin-bottom: 0px !important;}\u00a0\u00bb]\n<p style=\"text-align: left\"><strong>12h30 \u2013 Un souvenir vivant<\/strong><\/p>\n<p>Les r\u00e9flexions de la journ\u00e9e commencent alors que les b\u00e9n\u00e9voles marchent ensemble, \u00e9changent des sourires, apprennent leurs noms et partagent leurs histoires. Les derniers sacs sont distribu\u00e9s et les gilets sont retir\u00e9s, signalant que les ressources sont \u00e9puis\u00e9es pour la journ\u00e9e. La marche semble diff\u00e9rente maintenant, plus terre-\u00e0-terre et r\u00e9fl\u00e9chie.[\/vc_column_text][vc_single_image image=\u00a0\u00bb21072&Prime; img_size=\u00a0\u00bbmedium\u00a0\u00bb alignment=\u00a0\u00bbcenter\u00a0\u00bb css=\u00a0\u00bb\u00a0\u00bb][vc_column_text css=\u00a0\u00bb.vc_custom_1769691924803{margin-bottom: 0px !important;}\u00a0\u00bb]\n<p style=\"text-align: left\"><strong>13 h \u2013 R\u00e9flexion et gratitude<\/strong><\/p>\n<p>De retour au bureau du STC, tout le monde se r\u00e9unit pour un d\u00e9briefing et les b\u00e9n\u00e9voles partagent les moments forts : un rappel que les relations humaines sont plus importantes que les objets eux-m\u00eames. Les responsables concluent par des remerciements et une invitation \u00e0 participer \u00e0 nouveau. <\/p>\n<p>La journ\u00e9e se termine non seulement par des adieux, mais aussi par un sentiment d&rsquo;appartenance \u2013 \u00e0 la ville, les uns aux autres, et \u00e0 l&rsquo;id\u00e9e que la gentillesse, aussi minime soit-elle, peut avoir des r\u00e9percussions bien au-del\u00e0 d&rsquo;une simple matin\u00e9e.[\/vc_column_text][vc_single_image image=\u00a0\u00bb21087&Prime; img_size=\u00a0\u00bbfull\u00a0\u00bb alignment=\u00a0\u00bbcenter\u00a0\u00bb css=\u00a0\u00bb\u00a0\u00bb][\/vc_column][\/vc_row][vc_row][vc_column][vc_column_text css=\u00a0\u00bb.vc_custom_1769530354216{margin-bottom: 0px !important;}\u00a0\u00bb]Vous souhaitez impliquer votre \u00e9quipe ? Contactez-nous pour discuter des possibilit\u00e9s de b\u00e9n\u00e9volat d&rsquo;entreprise : <a href=\"mailto:csr@servethecity.be\">csr@servethecity.be<\/a>[\/vc_column_text][\/vc_column][\/vc_row][vc_row][vc_column][\/vc_column][\/vc_row]\n<\/div>","protected":false},"excerpt":{"rendered":"<p>[vc_row][vc_column][vc_column_text css=\u00a0\u00bb.vc_custom_1769690167432{margin-bottom: 0px !important;}\u00a0\u00bb] Alors, en quoi consiste concr\u00e8tement une journ\u00e9e de b\u00e9n\u00e9volat d&rsquo;entreprise ? De la premi\u00e8re r\u00e9union d&rsquo;information au travail aux c\u00f4t\u00e9s d&rsquo;organisations partenaires locales, la journ\u00e9e est con\u00e7ue pour \u00eatre pratique, collaborative et bien structur\u00e9e. Vous trouverez ci-dessous un aper\u00e7u \u00e9tape par \u00e9tape du d\u00e9roulement d&rsquo;une journ\u00e9e type avec l&rsquo;\u00e9quipe de b\u00e9n\u00e9voles [&hellip;]<\/p>\n","protected":false},"author":1030,"featured_media":21049,"comment_status":"closed","ping_status":"closed","sticky":false,"template":"","format":"standard","meta":{"_crdt_document":"","footnotes":"","_links_to":"","_links_to_target":""},"categories":[222],"tags":[],"class_list":["post-21066","post","type-post","status-publish","format-standard","has-post-thumbnail","hentry","category-non-categorise"],"_links":{"self":[{"href":"https:\/\/www.servethecity.brussels\/fr\/wp-json\/wp\/v2\/posts\/21066","targetHints":{"allow":["GET"]}}],"collection":[{"href":"https:\/\/www.servethecity.brussels\/fr\/wp-json\/wp\/v2\/posts"}],"about":[{"href":"https:\/\/www.servethecity.brussels\/fr\/wp-json\/wp\/v2\/types\/post"}],"author":[{"embeddable":true,"href":"https:\/\/www.servethecity.brussels\/fr\/wp-json\/wp\/v2\/users\/1030"}],"replies":[{"embeddable":true,"href":"https:\/\/www.servethecity.brussels\/fr\/wp-json\/wp\/v2\/comments?post=21066"}],"version-history":[{"count":3,"href":"https:\/\/www.servethecity.brussels\/fr\/wp-json\/wp\/v2\/posts\/21066\/revisions"}],"predecessor-version":[{"id":21099,"href":"https:\/\/www.servethecity.brussels\/fr\/wp-json\/wp\/v2\/posts\/21066\/revisions\/21099"}],"wp:featuredmedia":[{"embeddable":true,"href":"https:\/\/www.servethecity.brussels\/fr\/wp-json\/wp\/v2\/media\/21049"}],"wp:attachment":[{"href":"https:\/\/www.servethecity.brussels\/fr\/wp-json\/wp\/v2\/media?parent=21066"}],"wp:term":[{"taxonomy":"category","embeddable":true,"href":"https:\/\/www.servethecity.brussels\/fr\/wp-json\/wp\/v2\/categories?post=21066"},{"taxonomy":"post_tag","embeddable":true,"href":"https:\/\/www.servethecity.brussels\/fr\/wp-json\/wp\/v2\/tags?post=21066"}],"curies":[{"name":"wp","href":"https:\/\/api.w.org\/{rel}","templated":true}]}}