{"id":6072,"date":"2019-05-21T12:33:57","date_gmt":"2019-05-21T10:33:57","guid":{"rendered":"https:\/\/www.servethecity.brussels\/2019\/05\/21\/stage-ivhq\/"},"modified":"2019-05-21T12:33:57","modified_gmt":"2019-05-21T10:33:57","slug":"stage-ivhq","status":"publish","type":"post","link":"https:\/\/www.servethecity.brussels\/fr\/2019\/05\/21\/stage-ivhq\/","title":{"rendered":"Stage IVHQ"},"content":{"rendered":"<p>Serve the City recherche 2 stagiaires francophones, dynamiques et flexibles avec une bonne aptitude \u00e0 communiquer oralement en anglais pour assister notre \u00e9quipe avec le programme de volontariat international!<\/p>\n<ul>\n<li><strong>Lieu :<\/strong> Serve the City Bruxelles (Etterbeek)<\/li>\n<li><strong>Dur\u00e9e :<\/strong> 3 mois<\/li>\n<li><strong>Horaires de travail :<\/strong> 30h\/semaine (horaires flexibles)<\/li>\n<li><span class=\"text_exposed_show\"><strong>Date de commencement :<\/strong> Fin mai 2019<\/span><\/li>\n<li><strong>T\u00e2ches :<\/strong>\n<ul>\n<li>Accueil des b\u00e9n\u00e9voles<\/li>\n<li>Pr\u00e9paration de projets<\/li>\n<li>Assistance et coordination logistique<\/li>\n<li>Accompagnement des b\u00e9n\u00e9voles dans les diverses activit\u00e9s et projets propos\u00e9s par Serve the City<\/li>\n<li>Briefing et suivi des \u00e9quipes<\/li>\n<\/ul>\n<\/li>\n<\/ul>\n<div class=\"text_exposed_show\">\n<p>Les candidatures (CV et lettre de motivation) doivent \u00eatre envoy\u00e9es par mail \u00e0 <a href=\"mailto:sara@servethecity.be\">sara@servethecity.be<\/a>.<\/p>\n<p>Serve the City est une association g\u00e9r\u00e9e par des b\u00e9n\u00e9voles. Nous ne fournissons pas d&rsquo;indemnit\u00e9s financi\u00e8res aux stagiaires.<\/p>\n<p><a href=\"https:\/\/www.facebook.com\/job_opening\/417665635753893\/\" target=\"_blank\" rel=\"noopener noreferrer\">Voir l&rsquo;annonce sur Facebook<\/a>.<\/p>\n<\/div>\n","protected":false},"excerpt":{"rendered":"<p>Serve the City recherche 2 stagiaires francophones, dynamiques et flexibles avec une bonne aptitude \u00e0 communiquer oralement en anglais pour assister notre \u00e9quipe avec le programme de volontariat international! Lieu : Serve the City Bruxelles (Etterbeek) Dur\u00e9e : 3 mois Horaires de travail : 30h\/semaine (horaires flexibles) Date de commencement : Fin mai 2019 T\u00e2ches [&hellip;]<\/p>\n","protected":false},"author":1,"featured_media":6075,"comment_status":"closed","ping_status":"closed","sticky":false,"template":"","format":"standard","meta":{"_crdt_document":"","footnotes":"","_links_to":"","_links_to_target":""},"categories":[164],"tags":[],"class_list":["post-6072","post","type-post","status-publish","format-standard","has-post-thumbnail","hentry","category-vacancies-fr"],"_links":{"self":[{"href":"https:\/\/www.servethecity.brussels\/fr\/wp-json\/wp\/v2\/posts\/6072","targetHints":{"allow":["GET"]}}],"collection":[{"href":"https:\/\/www.servethecity.brussels\/fr\/wp-json\/wp\/v2\/posts"}],"about":[{"href":"https:\/\/www.servethecity.brussels\/fr\/wp-json\/wp\/v2\/types\/post"}],"author":[{"embeddable":true,"href":"https:\/\/www.servethecity.brussels\/fr\/wp-json\/wp\/v2\/users\/1"}],"replies":[{"embeddable":true,"href":"https:\/\/www.servethecity.brussels\/fr\/wp-json\/wp\/v2\/comments?post=6072"}],"version-history":[{"count":0,"href":"https:\/\/www.servethecity.brussels\/fr\/wp-json\/wp\/v2\/posts\/6072\/revisions"}],"wp:featuredmedia":[{"embeddable":true,"href":"https:\/\/www.servethecity.brussels\/fr\/wp-json\/wp\/v2\/media\/6075"}],"wp:attachment":[{"href":"https:\/\/www.servethecity.brussels\/fr\/wp-json\/wp\/v2\/media?parent=6072"}],"wp:term":[{"taxonomy":"category","embeddable":true,"href":"https:\/\/www.servethecity.brussels\/fr\/wp-json\/wp\/v2\/categories?post=6072"},{"taxonomy":"post_tag","embeddable":true,"href":"https:\/\/www.servethecity.brussels\/fr\/wp-json\/wp\/v2\/tags?post=6072"}],"curies":[{"name":"wp","href":"https:\/\/api.w.org\/{rel}","templated":true}]}}